{"id":36,"date":"2015-09-21T16:06:43","date_gmt":"2015-09-21T15:06:43","guid":{"rendered":"http:\/\/www.sovedis.com\/wp-content\/uploads\/bg-marques.jpg"},"modified":"2015-09-21T16:06:43","modified_gmt":"2015-09-21T15:06:43","slug":"cest-la-rentree-prevoyez-une-reunion-informelle-autour-de-la-machine-a-cafe","status":"publish","type":"post","link":"https:\/\/www.sovedis.pro\/index.php\/2015\/09\/21\/cest-la-rentree-prevoyez-une-reunion-informelle-autour-de-la-machine-a-cafe\/","title":{"rendered":"C\u2019est la rentr\u00e9e : pr\u00e9voyez une r\u00e9union informelle autour de la machine \u00e0 caf\u00e9 !"},"content":{"rendered":"<p style=\"text-align: justify;\">C\u2019est officiel, la rentr\u00e9e est bien l\u00e0 ! Pendant la p\u00e9riode estivale, vos collaborateurs ont tous pu bien se reposer tout \u00e0 tour ! Mais maintenant, les vacances sont termin\u00e9es et il est grand temps de reprendre les bonnes habitudes, comme par exemple la r\u00e9union du lundi matin ! Quelques conseils pour mettre en place une nouvelle routine en douceur :<\/p>\n<p style=\"text-align: justify;\"><img decoding=\"async\" class=\"size-medium wp-image-50 aligncenter\" src=\"http:\/\/www.sovedis.com\/wp-content\/uploads\/2015\/09\/sovedis_150-200x300.jpg\" alt=\"sovedis_150\" width=\"200\" height=\"300\" \/><\/p>\n<p style=\"text-align: justify;\"><!--more--><\/p>\n<h2 style=\"text-align: justify;\"><strong>La r\u00e9union du lundi : oui, mais autour de la machine \u00e0 caf\u00e9 !<\/strong><\/h2>\n<p style=\"text-align: justify;\">Ce qui d\u00e9range parfois les employ\u00e9s avec la r\u00e9union du lundi matin, c\u2019est qu\u2019elle donne l\u2019impression de s\u2019enfermer apr\u00e8s un week end de libert\u00e9. Pour r\u00e9gler ce probl\u00e8me, rien de plus simple : retrouvez-vous autour de la machine \u00e0 caf\u00e9 ! Votre \u00e9quipe pourra donc commencer \u00e0 discuter de son week end avant de passer aux choses s\u00e9rieuses : une transition douce pour bien commencer la semaine.<\/p>\n<p style=\"text-align: justify;\">Bien \u00e9videmment, cette solution n\u2019est r\u00e9alisable que pour une petite \u00e9quipe disposant d\u2019un espace assez large pour se retrouver !<\/p>\n<h2 style=\"text-align: justify;\"><strong>Quelle solution si vous ne disposez pas d\u2019un espace pour vous r\u00e9unir de fa\u00e7on informelle ?<\/strong><\/h2>\n<p style=\"text-align: justify;\">Impossible de vous retrouver autour de la machine \u00e0 caf\u00e9 par manque de place ? Rassurez-vous : il est tout \u00e0 fait possible de rendre conviviale votre r\u00e9union du lundi matin et ce, m\u00eame si elle prend place dans une simple salle. Nos conseils :<\/p>\n<ul>\n<li style=\"text-align: justify;\">Laissez le temps \u00e0 vos collaborateurs d\u2019aller chercher un bon caf\u00e9 ou un chocolat r\u00e9confortant au distributeur : ils pourront boire cette bonne boisson pendant la r\u00e9union !<\/li>\n<li style=\"text-align: justify;\">Pensez aux croissants, aux pains au chocolat et au panier de fruits pour r\u00e9galer votre \u00e9quipe !<\/li>\n<li style=\"text-align: justify;\">Si la r\u00e9union dure plus d\u20191h, n\u2019h\u00e9sitez pas \u00e0 proposer une pause : vos collaborateurs seront ravis de pouvoir se d\u00e9gourdir les jambes et d\u2019aller boire un autre caf\u00e9 s\u2019ils en ont envie !<\/li>\n<\/ul>\n","protected":false},"excerpt":{"rendered":"<p>C\u2019est officiel, la rentr\u00e9e est bien l\u00e0 ! Pendant la p\u00e9riode estivale, vos collaborateurs ont tous pu bien se reposer tout \u00e0 tour ! Mais maintenant, les vacances sont termin\u00e9es et il est grand temps de reprendre les bonnes habitudes, comme par exemple la r\u00e9union du lundi matin ! Quelques conseils pour mettre en place [&hellip;]<\/p>\n","protected":false},"author":5,"featured_media":33,"comment_status":"closed","ping_status":"closed","sticky":false,"template":"","format":"standard","meta":{"_et_pb_use_builder":"","_et_pb_old_content":"","_et_gb_content_width":"","footnotes":""},"categories":[21],"tags":[46,53],"class_list":["post-36","post","type-post","status-publish","format-standard","has-post-thumbnail","hentry","category-vie-en-entreprise","tag-machine-a-cafe","tag-reunion-informelle"],"_links":{"self":[{"href":"https:\/\/www.sovedis.pro\/index.php\/wp-json\/wp\/v2\/posts\/36","targetHints":{"allow":["GET"]}}],"collection":[{"href":"https:\/\/www.sovedis.pro\/index.php\/wp-json\/wp\/v2\/posts"}],"about":[{"href":"https:\/\/www.sovedis.pro\/index.php\/wp-json\/wp\/v2\/types\/post"}],"author":[{"embeddable":true,"href":"https:\/\/www.sovedis.pro\/index.php\/wp-json\/wp\/v2\/users\/5"}],"replies":[{"embeddable":true,"href":"https:\/\/www.sovedis.pro\/index.php\/wp-json\/wp\/v2\/comments?post=36"}],"version-history":[{"count":0,"href":"https:\/\/www.sovedis.pro\/index.php\/wp-json\/wp\/v2\/posts\/36\/revisions"}],"wp:featuredmedia":[{"embeddable":true,"href":"https:\/\/www.sovedis.pro\/index.php\/wp-json\/wp\/v2\/media\/33"}],"wp:attachment":[{"href":"https:\/\/www.sovedis.pro\/index.php\/wp-json\/wp\/v2\/media?parent=36"}],"wp:term":[{"taxonomy":"category","embeddable":true,"href":"https:\/\/www.sovedis.pro\/index.php\/wp-json\/wp\/v2\/categories?post=36"},{"taxonomy":"post_tag","embeddable":true,"href":"https:\/\/www.sovedis.pro\/index.php\/wp-json\/wp\/v2\/tags?post=36"}],"curies":[{"name":"wp","href":"https:\/\/api.w.org\/{rel}","templated":true}]}}